{"id":3314,"date":"2026-03-27T15:36:15","date_gmt":"2026-03-27T15:36:15","guid":{"rendered":"https:\/\/dgepa.meci.pt\/?p=3314"},"modified":"2026-03-30T10:36:05","modified_gmt":"2026-03-30T10:36:05","slug":"dgepa-inicia-atividade-no-ambito-do-ministerio-da-educacao-ciencia-e-inovacao","status":"publish","type":"post","link":"https:\/\/dgepa.meci.pt\/en\/dgepa-inicia-atividade-no-ambito-do-ministerio-da-educacao-ciencia-e-inovacao\/","title":{"rendered":"DGEPA begins activity within the scope of the Ministry of Education, Science and Innovation."},"content":{"rendered":"<p data-start=\"267\" data-end=\"466\">A Dire\u00e7\u00e3o-Geral de Estudos, Planeamento e Avalia\u00e7\u00e3o (DGEPA) iniciou a sua atividade enquanto servi\u00e7o da administra\u00e7\u00e3o direta do Estado, integrado no Minist\u00e9rio da Educa\u00e7\u00e3o, Ci\u00eancia e Inova\u00e7\u00e3o (MECI).<\/p>\n<p data-start=\"468\" data-end=\"757\">Criada pelo Decreto-Lei n.\u00ba 125\/2025, a DGEPA tem como miss\u00e3o apoiar tecnicamente a defini\u00e7\u00e3o das prioridades estrat\u00e9gicas e das pol\u00edticas p\u00fablicas nas \u00e1reas da educa\u00e7\u00e3o, ci\u00eancia e inova\u00e7\u00e3o, bem como promover o acompanhamento e a avalia\u00e7\u00e3o da sua implementa\u00e7\u00e3o e dos resultados alcan\u00e7ados.<\/p>\n<p data-start=\"759\" data-end=\"973\">A cria\u00e7\u00e3o da DGEPA insere-se num processo de refor\u00e7o da capacidade t\u00e9cnica da Administra\u00e7\u00e3o P\u00fablica, com vista a uma maior integra\u00e7\u00e3o entre planeamento estrat\u00e9gico, monitoriza\u00e7\u00e3o e avalia\u00e7\u00e3o das pol\u00edticas p\u00fablicas.<\/p>\n<p data-start=\"975\" data-end=\"1168\">Com o in\u00edcio da sua atividade, a DGEPA assume um papel central no apoio \u00e0 decis\u00e3o pol\u00edtica, contribuindo para uma atua\u00e7\u00e3o mais informada, coerente e orientada para resultados no \u00e2mbito do MECI.<\/p>","protected":false},"excerpt":{"rendered":"<p>A Dire\u00e7\u00e3o-Geral de Estudos, Planeamento e Avalia\u00e7\u00e3o (DGEPA) iniciou a sua atividade enquanto servi\u00e7o da administra\u00e7\u00e3o direta do Estado, integrado no Minist\u00e9rio da Educa\u00e7\u00e3o, Ci\u00eancia e Inova\u00e7\u00e3o (MECI). Criada pelo Decreto-Lei n.\u00ba 125\/2025, a DGEPA tem como miss\u00e3o apoiar tecnicamente a defini\u00e7\u00e3o das prioridades estrat\u00e9gicas e das pol\u00edticas p\u00fablicas nas \u00e1reas da educa\u00e7\u00e3o, ci\u00eancia e [&hellip;]<\/p>\n","protected":false},"author":3,"featured_media":0,"comment_status":"closed","ping_status":"open","sticky":false,"template":"","format":"standard","meta":{"_acf_changed":false,"footnotes":""},"categories":[13],"tags":[],"class_list":["post-3314","post","type-post","status-publish","format-standard","hentry","category-noticias"],"acf":[],"yoast_head":"<!-- This site is optimized with the Yoast SEO plugin v27.5 - https:\/\/yoast.com\/product\/yoast-seo-wordpress\/ -->\n<title>DGEPA inicia atividade no \u00e2mbito do Minist\u00e9rio da Educa\u00e7\u00e3o, Ci\u00eancia e Inova\u00e7\u00e3o - DGEPA<\/title>\n<meta name=\"robots\" content=\"index, follow, max-snippet:-1, max-image-preview:large, max-video-preview:-1\" \/>\n<link rel=\"canonical\" href=\"https:\/\/dev.dgepa.meci.pt\/dgepa-inicia-atividade-no-ambito-do-ministerio-da-educacao-ciencia-e-inovacao\/\" \/>\n<meta property=\"og:locale\" content=\"en_GB\" \/>\n<meta property=\"og:type\" content=\"article\" \/>\n<meta property=\"og:title\" content=\"DGEPA inicia atividade no \u00e2mbito do Minist\u00e9rio da Educa\u00e7\u00e3o, Ci\u00eancia e Inova\u00e7\u00e3o - DGEPA\" \/>\n<meta property=\"og:description\" content=\"A Dire\u00e7\u00e3o-Geral de Estudos, Planeamento e Avalia\u00e7\u00e3o (DGEPA) iniciou a sua atividade enquanto servi\u00e7o da administra\u00e7\u00e3o direta do Estado, integrado no Minist\u00e9rio da Educa\u00e7\u00e3o, Ci\u00eancia e Inova\u00e7\u00e3o (MECI). Criada pelo Decreto-Lei n.\u00ba 125\/2025, a DGEPA tem como miss\u00e3o apoiar tecnicamente a defini\u00e7\u00e3o das prioridades estrat\u00e9gicas e das pol\u00edticas p\u00fablicas nas \u00e1reas da educa\u00e7\u00e3o, ci\u00eancia e [&hellip;]\" \/>\n<meta property=\"og:url\" content=\"https:\/\/dev.dgepa.meci.pt\/dgepa-inicia-atividade-no-ambito-do-ministerio-da-educacao-ciencia-e-inovacao\/\" \/>\n<meta property=\"og:site_name\" content=\"DGEPA\" \/>\n<meta property=\"article:published_time\" content=\"2026-03-27T15:36:15+00:00\" \/>\n<meta property=\"article:modified_time\" content=\"2026-03-30T10:36:05+00:00\" \/>\n<meta name=\"author\" content=\"Guilherme Rato\" \/>\n<meta name=\"twitter:card\" content=\"summary_large_image\" \/>\n<meta name=\"twitter:label1\" content=\"Written by\" \/>\n\t<meta name=\"twitter:data1\" content=\"Guilherme Rato\" \/>\n\t<meta name=\"twitter:label2\" content=\"Est. reading time\" \/>\n\t<meta name=\"twitter:data2\" content=\"1 minute\" \/>\n<script type=\"application\/ld+json\" class=\"yoast-schema-graph\">{\"@context\":\"https:\\\/\\\/schema.org\",\"@graph\":[{\"@type\":\"Article\",\"@id\":\"https:\\\/\\\/dev.dgepa.meci.pt\\\/dgepa-inicia-atividade-no-ambito-do-ministerio-da-educacao-ciencia-e-inovacao\\\/#article\",\"isPartOf\":{\"@id\":\"https:\\\/\\\/dev.dgepa.meci.pt\\\/dgepa-inicia-atividade-no-ambito-do-ministerio-da-educacao-ciencia-e-inovacao\\\/\"},\"author\":{\"name\":\"Guilherme Rato\",\"@id\":\"https:\\\/\\\/dev.dgepa.meci.pt\\\/#\\\/schema\\\/person\\\/2038aaa1907d47f57c0225d35ff8329c\"},\"headline\":\"DGEPA inicia atividade no \u00e2mbito do Minist\u00e9rio da Educa\u00e7\u00e3o, Ci\u00eancia e Inova\u00e7\u00e3o\",\"datePublished\":\"2026-03-27T15:36:15+00:00\",\"dateModified\":\"2026-03-30T10:36:05+00:00\",\"mainEntityOfPage\":{\"@id\":\"https:\\\/\\\/dev.dgepa.meci.pt\\\/dgepa-inicia-atividade-no-ambito-do-ministerio-da-educacao-ciencia-e-inovacao\\\/\"},\"wordCount\":181,\"articleSection\":[\"Not\u00edcias\"],\"inLanguage\":\"en-GB\"},{\"@type\":\"WebPage\",\"@id\":\"https:\\\/\\\/dev.dgepa.meci.pt\\\/dgepa-inicia-atividade-no-ambito-do-ministerio-da-educacao-ciencia-e-inovacao\\\/\",\"url\":\"https:\\\/\\\/dev.dgepa.meci.pt\\\/dgepa-inicia-atividade-no-ambito-do-ministerio-da-educacao-ciencia-e-inovacao\\\/\",\"name\":\"DGEPA inicia atividade no \u00e2mbito do Minist\u00e9rio da Educa\u00e7\u00e3o, Ci\u00eancia e Inova\u00e7\u00e3o - DGEPA\",\"isPartOf\":{\"@id\":\"https:\\\/\\\/dev.dgepa.meci.pt\\\/#website\"},\"datePublished\":\"2026-03-27T15:36:15+00:00\",\"dateModified\":\"2026-03-30T10:36:05+00:00\",\"author\":{\"@id\":\"https:\\\/\\\/dev.dgepa.meci.pt\\\/#\\\/schema\\\/person\\\/2038aaa1907d47f57c0225d35ff8329c\"},\"breadcrumb\":{\"@id\":\"https:\\\/\\\/dev.dgepa.meci.pt\\\/dgepa-inicia-atividade-no-ambito-do-ministerio-da-educacao-ciencia-e-inovacao\\\/#breadcrumb\"},\"inLanguage\":\"en-GB\",\"potentialAction\":[{\"@type\":\"ReadAction\",\"target\":[\"https:\\\/\\\/dev.dgepa.meci.pt\\\/dgepa-inicia-atividade-no-ambito-do-ministerio-da-educacao-ciencia-e-inovacao\\\/\"]}]},{\"@type\":\"BreadcrumbList\",\"@id\":\"https:\\\/\\\/dev.dgepa.meci.pt\\\/dgepa-inicia-atividade-no-ambito-do-ministerio-da-educacao-ciencia-e-inovacao\\\/#breadcrumb\",\"itemListElement\":[{\"@type\":\"ListItem\",\"position\":1,\"name\":\"Home\",\"item\":\"https:\\\/\\\/dev.dgepa.meci.pt\\\/\"},{\"@type\":\"ListItem\",\"position\":2,\"name\":\"DGEPA inicia atividade no \u00e2mbito do Minist\u00e9rio da Educa\u00e7\u00e3o, Ci\u00eancia e Inova\u00e7\u00e3o\"}]},{\"@type\":\"WebSite\",\"@id\":\"https:\\\/\\\/dev.dgepa.meci.pt\\\/#website\",\"url\":\"https:\\\/\\\/dev.dgepa.meci.pt\\\/\",\"name\":\"DGEPA\",\"description\":\"Dire\u00e7\u00e3o-Geral de Estudos, Planeamento e Avalia\u00e7\u00e3o\",\"potentialAction\":[{\"@type\":\"SearchAction\",\"target\":{\"@type\":\"EntryPoint\",\"urlTemplate\":\"https:\\\/\\\/dev.dgepa.meci.pt\\\/?s={search_term_string}\"},\"query-input\":{\"@type\":\"PropertyValueSpecification\",\"valueRequired\":true,\"valueName\":\"search_term_string\"}}],\"inLanguage\":\"en-GB\"},{\"@type\":\"Person\",\"@id\":\"https:\\\/\\\/dev.dgepa.meci.pt\\\/#\\\/schema\\\/person\\\/2038aaa1907d47f57c0225d35ff8329c\",\"name\":\"Guilherme Rato\",\"image\":{\"@type\":\"ImageObject\",\"inLanguage\":\"en-GB\",\"@id\":\"https:\\\/\\\/secure.gravatar.com\\\/avatar\\\/1746d9f59da5c84a293f4c98a7544490041ef77ade00310859c2926bc8a8ba65?s=96&d=mm&r=g\",\"url\":\"https:\\\/\\\/secure.gravatar.com\\\/avatar\\\/1746d9f59da5c84a293f4c98a7544490041ef77ade00310859c2926bc8a8ba65?s=96&d=mm&r=g\",\"contentUrl\":\"https:\\\/\\\/secure.gravatar.com\\\/avatar\\\/1746d9f59da5c84a293f4c98a7544490041ef77ade00310859c2926bc8a8ba65?s=96&d=mm&r=g\",\"caption\":\"Guilherme Rato\"},\"url\":\"https:\\\/\\\/dgepa.meci.pt\\\/en\\\/author\\\/guilhermerato\\\/\"}]}<\/script>\n<!-- \/ Yoast SEO plugin. -->","yoast_head_json":{"title":"DGEPA inicia atividade no \u00e2mbito do Minist\u00e9rio da Educa\u00e7\u00e3o, Ci\u00eancia e Inova\u00e7\u00e3o - DGEPA","robots":{"index":"index","follow":"follow","max-snippet":"max-snippet:-1","max-image-preview":"max-image-preview:large","max-video-preview":"max-video-preview:-1"},"canonical":"https:\/\/dev.dgepa.meci.pt\/dgepa-inicia-atividade-no-ambito-do-ministerio-da-educacao-ciencia-e-inovacao\/","og_locale":"en_GB","og_type":"article","og_title":"DGEPA inicia atividade no \u00e2mbito do Minist\u00e9rio da Educa\u00e7\u00e3o, Ci\u00eancia e Inova\u00e7\u00e3o - DGEPA","og_description":"A Dire\u00e7\u00e3o-Geral de Estudos, Planeamento e Avalia\u00e7\u00e3o (DGEPA) iniciou a sua atividade enquanto servi\u00e7o da administra\u00e7\u00e3o direta do Estado, integrado no Minist\u00e9rio da Educa\u00e7\u00e3o, Ci\u00eancia e Inova\u00e7\u00e3o (MECI). Criada pelo Decreto-Lei n.\u00ba 125\/2025, a DGEPA tem como miss\u00e3o apoiar tecnicamente a defini\u00e7\u00e3o das prioridades estrat\u00e9gicas e das pol\u00edticas p\u00fablicas nas \u00e1reas da educa\u00e7\u00e3o, ci\u00eancia e [&hellip;]","og_url":"https:\/\/dev.dgepa.meci.pt\/dgepa-inicia-atividade-no-ambito-do-ministerio-da-educacao-ciencia-e-inovacao\/","og_site_name":"DGEPA","article_published_time":"2026-03-27T15:36:15+00:00","article_modified_time":"2026-03-30T10:36:05+00:00","author":"Guilherme Rato","twitter_card":"summary_large_image","twitter_misc":{"Written by":"Guilherme Rato","Est. reading time":"1 minute"},"schema":{"@context":"https:\/\/schema.org","@graph":[{"@type":"Article","@id":"https:\/\/dev.dgepa.meci.pt\/dgepa-inicia-atividade-no-ambito-do-ministerio-da-educacao-ciencia-e-inovacao\/#article","isPartOf":{"@id":"https:\/\/dev.dgepa.meci.pt\/dgepa-inicia-atividade-no-ambito-do-ministerio-da-educacao-ciencia-e-inovacao\/"},"author":{"name":"Guilherme Rato","@id":"https:\/\/dev.dgepa.meci.pt\/#\/schema\/person\/2038aaa1907d47f57c0225d35ff8329c"},"headline":"DGEPA inicia atividade no \u00e2mbito do Minist\u00e9rio da Educa\u00e7\u00e3o, Ci\u00eancia e Inova\u00e7\u00e3o","datePublished":"2026-03-27T15:36:15+00:00","dateModified":"2026-03-30T10:36:05+00:00","mainEntityOfPage":{"@id":"https:\/\/dev.dgepa.meci.pt\/dgepa-inicia-atividade-no-ambito-do-ministerio-da-educacao-ciencia-e-inovacao\/"},"wordCount":181,"articleSection":["Not\u00edcias"],"inLanguage":"en-GB"},{"@type":"WebPage","@id":"https:\/\/dev.dgepa.meci.pt\/dgepa-inicia-atividade-no-ambito-do-ministerio-da-educacao-ciencia-e-inovacao\/","url":"https:\/\/dev.dgepa.meci.pt\/dgepa-inicia-atividade-no-ambito-do-ministerio-da-educacao-ciencia-e-inovacao\/","name":"DGEPA inicia atividade no \u00e2mbito do Minist\u00e9rio da Educa\u00e7\u00e3o, Ci\u00eancia e Inova\u00e7\u00e3o - DGEPA","isPartOf":{"@id":"https:\/\/dev.dgepa.meci.pt\/#website"},"datePublished":"2026-03-27T15:36:15+00:00","dateModified":"2026-03-30T10:36:05+00:00","author":{"@id":"https:\/\/dev.dgepa.meci.pt\/#\/schema\/person\/2038aaa1907d47f57c0225d35ff8329c"},"breadcrumb":{"@id":"https:\/\/dev.dgepa.meci.pt\/dgepa-inicia-atividade-no-ambito-do-ministerio-da-educacao-ciencia-e-inovacao\/#breadcrumb"},"inLanguage":"en-GB","potentialAction":[{"@type":"ReadAction","target":["https:\/\/dev.dgepa.meci.pt\/dgepa-inicia-atividade-no-ambito-do-ministerio-da-educacao-ciencia-e-inovacao\/"]}]},{"@type":"BreadcrumbList","@id":"https:\/\/dev.dgepa.meci.pt\/dgepa-inicia-atividade-no-ambito-do-ministerio-da-educacao-ciencia-e-inovacao\/#breadcrumb","itemListElement":[{"@type":"ListItem","position":1,"name":"Home","item":"https:\/\/dev.dgepa.meci.pt\/"},{"@type":"ListItem","position":2,"name":"DGEPA inicia atividade no \u00e2mbito do Minist\u00e9rio da Educa\u00e7\u00e3o, Ci\u00eancia e Inova\u00e7\u00e3o"}]},{"@type":"WebSite","@id":"https:\/\/dev.dgepa.meci.pt\/#website","url":"https:\/\/dev.dgepa.meci.pt\/","name":"DGEPA","description":"Directorate-General for Studies, Planning and Evaluation","potentialAction":[{"@type":"SearchAction","target":{"@type":"EntryPoint","urlTemplate":"https:\/\/dev.dgepa.meci.pt\/?s={search_term_string}"},"query-input":{"@type":"PropertyValueSpecification","valueRequired":true,"valueName":"search_term_string"}}],"inLanguage":"en-GB"},{"@type":"Person","@id":"https:\/\/dev.dgepa.meci.pt\/#\/schema\/person\/2038aaa1907d47f57c0225d35ff8329c","name":"Guilherme Rato","image":{"@type":"ImageObject","inLanguage":"en-GB","@id":"https:\/\/secure.gravatar.com\/avatar\/1746d9f59da5c84a293f4c98a7544490041ef77ade00310859c2926bc8a8ba65?s=96&d=mm&r=g","url":"https:\/\/secure.gravatar.com\/avatar\/1746d9f59da5c84a293f4c98a7544490041ef77ade00310859c2926bc8a8ba65?s=96&d=mm&r=g","contentUrl":"https:\/\/secure.gravatar.com\/avatar\/1746d9f59da5c84a293f4c98a7544490041ef77ade00310859c2926bc8a8ba65?s=96&d=mm&r=g","caption":"Guilherme Rato"},"url":"https:\/\/dgepa.meci.pt\/en\/author\/guilhermerato\/"}]}},"_links":{"self":[{"href":"https:\/\/dgepa.meci.pt\/en\/wp-json\/wp\/v2\/posts\/3314","targetHints":{"allow":["GET"]}}],"collection":[{"href":"https:\/\/dgepa.meci.pt\/en\/wp-json\/wp\/v2\/posts"}],"about":[{"href":"https:\/\/dgepa.meci.pt\/en\/wp-json\/wp\/v2\/types\/post"}],"author":[{"embeddable":true,"href":"https:\/\/dgepa.meci.pt\/en\/wp-json\/wp\/v2\/users\/3"}],"replies":[{"embeddable":true,"href":"https:\/\/dgepa.meci.pt\/en\/wp-json\/wp\/v2\/comments?post=3314"}],"version-history":[{"count":1,"href":"https:\/\/dgepa.meci.pt\/en\/wp-json\/wp\/v2\/posts\/3314\/revisions"}],"predecessor-version":[{"id":3317,"href":"https:\/\/dgepa.meci.pt\/en\/wp-json\/wp\/v2\/posts\/3314\/revisions\/3317"}],"wp:attachment":[{"href":"https:\/\/dgepa.meci.pt\/en\/wp-json\/wp\/v2\/media?parent=3314"}],"wp:term":[{"taxonomy":"category","embeddable":true,"href":"https:\/\/dgepa.meci.pt\/en\/wp-json\/wp\/v2\/categories?post=3314"},{"taxonomy":"post_tag","embeddable":true,"href":"https:\/\/dgepa.meci.pt\/en\/wp-json\/wp\/v2\/tags?post=3314"}],"curies":[{"name":"wp","href":"https:\/\/api.w.org\/{rel}","templated":true}]}}