{"id":3318,"date":"2026-03-27T15:36:42","date_gmt":"2026-03-27T15:36:42","guid":{"rendered":"https:\/\/dgepa.meci.pt\/?p=3318"},"modified":"2026-03-30T10:36:00","modified_gmt":"2026-03-30T10:36:00","slug":"dgepa-reforca-o-acompanhamento-das-politicas-publicas-do-meci","status":"publish","type":"post","link":"https:\/\/dgepa.meci.pt\/en\/dgepa-reforca-o-acompanhamento-das-politicas-publicas-do-meci\/","title":{"rendered":"DGEPA reinforces the monitoring of public policies of the Ministry of Education, Science, Technology and Innovation."},"content":{"rendered":"<p data-start=\"1262\" data-end=\"1529\">A Dire\u00e7\u00e3o-Geral de Estudos, Planeamento e Avalia\u00e7\u00e3o (DGEPA) refor\u00e7a o acompanhamento e a monitoriza\u00e7\u00e3o das pol\u00edticas p\u00fablicas do Minist\u00e9rio da Educa\u00e7\u00e3o, Ci\u00eancia e Inova\u00e7\u00e3o (MECI), atrav\u00e9s do desenvolvimento de instrumentos t\u00e9cnicos e metodol\u00f3gicos de apoio \u00e0 decis\u00e3o.<\/p>\n<p data-start=\"1531\" data-end=\"1751\">No \u00e2mbito das suas compet\u00eancias, a DGEPA promove a recolha, sistematiza\u00e7\u00e3o e an\u00e1lise de informa\u00e7\u00e3o relevante, assegurando o acompanhamento da execu\u00e7\u00e3o das medidas de pol\u00edtica p\u00fablica e a avalia\u00e7\u00e3o dos resultados obtidos.<\/p>\n<p data-start=\"1753\" data-end=\"1956\">Este trabalho permite identificar oportunidades de melhoria, apoiar a defini\u00e7\u00e3o de prioridades estrat\u00e9gicas e refor\u00e7ar a coer\u00eancia entre os diferentes instrumentos de planeamento e as pol\u00edticas em curso.<\/p>\n<p data-start=\"1958\" data-end=\"2133\">A DGEPA contribui assim para uma Administra\u00e7\u00e3o P\u00fablica mais eficiente, transparente e orientada para resultados, baseada em evid\u00eancia e em processos de monitoriza\u00e7\u00e3o cont\u00ednua.<\/p>","protected":false},"excerpt":{"rendered":"<p>A Dire\u00e7\u00e3o-Geral de Estudos, Planeamento e Avalia\u00e7\u00e3o (DGEPA) refor\u00e7a o acompanhamento e a monitoriza\u00e7\u00e3o das pol\u00edticas p\u00fablicas do Minist\u00e9rio da Educa\u00e7\u00e3o, Ci\u00eancia e Inova\u00e7\u00e3o (MECI), atrav\u00e9s do desenvolvimento de instrumentos t\u00e9cnicos e metodol\u00f3gicos de apoio \u00e0 decis\u00e3o. No \u00e2mbito das suas compet\u00eancias, a DGEPA promove a recolha, sistematiza\u00e7\u00e3o e an\u00e1lise de informa\u00e7\u00e3o relevante, assegurando o [&hellip;]<\/p>\n","protected":false},"author":3,"featured_media":0,"comment_status":"closed","ping_status":"open","sticky":false,"template":"","format":"standard","meta":{"_acf_changed":false,"footnotes":""},"categories":[13],"tags":[],"class_list":["post-3318","post","type-post","status-publish","format-standard","hentry","category-noticias"],"acf":[],"yoast_head":"<!-- This site is optimized with the Yoast SEO plugin v27.5 - https:\/\/yoast.com\/product\/yoast-seo-wordpress\/ -->\n<title>DGEPA refor\u00e7a o acompanhamento das pol\u00edticas p\u00fablicas do MECI - DGEPA<\/title>\n<meta name=\"robots\" content=\"index, follow, max-snippet:-1, max-image-preview:large, max-video-preview:-1\" \/>\n<link rel=\"canonical\" href=\"https:\/\/dev.dgepa.meci.pt\/dgepa-reforca-o-acompanhamento-das-politicas-publicas-do-meci\/\" \/>\n<meta property=\"og:locale\" content=\"en_GB\" \/>\n<meta property=\"og:type\" content=\"article\" \/>\n<meta property=\"og:title\" content=\"DGEPA refor\u00e7a o acompanhamento das pol\u00edticas p\u00fablicas do MECI - DGEPA\" \/>\n<meta property=\"og:description\" content=\"A Dire\u00e7\u00e3o-Geral de Estudos, Planeamento e Avalia\u00e7\u00e3o (DGEPA) refor\u00e7a o acompanhamento e a monitoriza\u00e7\u00e3o das pol\u00edticas p\u00fablicas do Minist\u00e9rio da Educa\u00e7\u00e3o, Ci\u00eancia e Inova\u00e7\u00e3o (MECI), atrav\u00e9s do desenvolvimento de instrumentos t\u00e9cnicos e metodol\u00f3gicos de apoio \u00e0 decis\u00e3o. No \u00e2mbito das suas compet\u00eancias, a DGEPA promove a recolha, sistematiza\u00e7\u00e3o e an\u00e1lise de informa\u00e7\u00e3o relevante, assegurando o [&hellip;]\" \/>\n<meta property=\"og:url\" content=\"https:\/\/dev.dgepa.meci.pt\/dgepa-reforca-o-acompanhamento-das-politicas-publicas-do-meci\/\" \/>\n<meta property=\"og:site_name\" content=\"DGEPA\" \/>\n<meta property=\"article:published_time\" content=\"2026-03-27T15:36:42+00:00\" \/>\n<meta property=\"article:modified_time\" content=\"2026-03-30T10:36:00+00:00\" \/>\n<meta name=\"author\" content=\"Guilherme Rato\" \/>\n<meta name=\"twitter:card\" content=\"summary_large_image\" \/>\n<meta name=\"twitter:label1\" content=\"Written by\" \/>\n\t<meta name=\"twitter:data1\" content=\"Guilherme Rato\" \/>\n<script type=\"application\/ld+json\" class=\"yoast-schema-graph\">{\"@context\":\"https:\\\/\\\/schema.org\",\"@graph\":[{\"@type\":\"Article\",\"@id\":\"https:\\\/\\\/dev.dgepa.meci.pt\\\/dgepa-reforca-o-acompanhamento-das-politicas-publicas-do-meci\\\/#article\",\"isPartOf\":{\"@id\":\"https:\\\/\\\/dev.dgepa.meci.pt\\\/dgepa-reforca-o-acompanhamento-das-politicas-publicas-do-meci\\\/\"},\"author\":{\"name\":\"Guilherme Rato\",\"@id\":\"https:\\\/\\\/dev.dgepa.meci.pt\\\/#\\\/schema\\\/person\\\/2038aaa1907d47f57c0225d35ff8329c\"},\"headline\":\"DGEPA refor\u00e7a o acompanhamento das pol\u00edticas p\u00fablicas do MECI\",\"datePublished\":\"2026-03-27T15:36:42+00:00\",\"dateModified\":\"2026-03-30T10:36:00+00:00\",\"mainEntityOfPage\":{\"@id\":\"https:\\\/\\\/dev.dgepa.meci.pt\\\/dgepa-reforca-o-acompanhamento-das-politicas-publicas-do-meci\\\/\"},\"wordCount\":164,\"articleSection\":[\"Not\u00edcias\"],\"inLanguage\":\"en-GB\"},{\"@type\":\"WebPage\",\"@id\":\"https:\\\/\\\/dev.dgepa.meci.pt\\\/dgepa-reforca-o-acompanhamento-das-politicas-publicas-do-meci\\\/\",\"url\":\"https:\\\/\\\/dev.dgepa.meci.pt\\\/dgepa-reforca-o-acompanhamento-das-politicas-publicas-do-meci\\\/\",\"name\":\"DGEPA refor\u00e7a o acompanhamento das pol\u00edticas p\u00fablicas do MECI - DGEPA\",\"isPartOf\":{\"@id\":\"https:\\\/\\\/dev.dgepa.meci.pt\\\/#website\"},\"datePublished\":\"2026-03-27T15:36:42+00:00\",\"dateModified\":\"2026-03-30T10:36:00+00:00\",\"author\":{\"@id\":\"https:\\\/\\\/dev.dgepa.meci.pt\\\/#\\\/schema\\\/person\\\/2038aaa1907d47f57c0225d35ff8329c\"},\"breadcrumb\":{\"@id\":\"https:\\\/\\\/dev.dgepa.meci.pt\\\/dgepa-reforca-o-acompanhamento-das-politicas-publicas-do-meci\\\/#breadcrumb\"},\"inLanguage\":\"en-GB\",\"potentialAction\":[{\"@type\":\"ReadAction\",\"target\":[\"https:\\\/\\\/dev.dgepa.meci.pt\\\/dgepa-reforca-o-acompanhamento-das-politicas-publicas-do-meci\\\/\"]}]},{\"@type\":\"BreadcrumbList\",\"@id\":\"https:\\\/\\\/dev.dgepa.meci.pt\\\/dgepa-reforca-o-acompanhamento-das-politicas-publicas-do-meci\\\/#breadcrumb\",\"itemListElement\":[{\"@type\":\"ListItem\",\"position\":1,\"name\":\"Home\",\"item\":\"https:\\\/\\\/dev.dgepa.meci.pt\\\/\"},{\"@type\":\"ListItem\",\"position\":2,\"name\":\"DGEPA refor\u00e7a o acompanhamento das pol\u00edticas p\u00fablicas do MECI\"}]},{\"@type\":\"WebSite\",\"@id\":\"https:\\\/\\\/dev.dgepa.meci.pt\\\/#website\",\"url\":\"https:\\\/\\\/dev.dgepa.meci.pt\\\/\",\"name\":\"DGEPA\",\"description\":\"Dire\u00e7\u00e3o-Geral de Estudos, Planeamento e Avalia\u00e7\u00e3o\",\"potentialAction\":[{\"@type\":\"SearchAction\",\"target\":{\"@type\":\"EntryPoint\",\"urlTemplate\":\"https:\\\/\\\/dev.dgepa.meci.pt\\\/?s={search_term_string}\"},\"query-input\":{\"@type\":\"PropertyValueSpecification\",\"valueRequired\":true,\"valueName\":\"search_term_string\"}}],\"inLanguage\":\"en-GB\"},{\"@type\":\"Person\",\"@id\":\"https:\\\/\\\/dev.dgepa.meci.pt\\\/#\\\/schema\\\/person\\\/2038aaa1907d47f57c0225d35ff8329c\",\"name\":\"Guilherme Rato\",\"image\":{\"@type\":\"ImageObject\",\"inLanguage\":\"en-GB\",\"@id\":\"https:\\\/\\\/secure.gravatar.com\\\/avatar\\\/1746d9f59da5c84a293f4c98a7544490041ef77ade00310859c2926bc8a8ba65?s=96&d=mm&r=g\",\"url\":\"https:\\\/\\\/secure.gravatar.com\\\/avatar\\\/1746d9f59da5c84a293f4c98a7544490041ef77ade00310859c2926bc8a8ba65?s=96&d=mm&r=g\",\"contentUrl\":\"https:\\\/\\\/secure.gravatar.com\\\/avatar\\\/1746d9f59da5c84a293f4c98a7544490041ef77ade00310859c2926bc8a8ba65?s=96&d=mm&r=g\",\"caption\":\"Guilherme Rato\"},\"url\":\"https:\\\/\\\/dgepa.meci.pt\\\/en\\\/author\\\/guilhermerato\\\/\"}]}<\/script>\n<!-- \/ Yoast SEO plugin. -->","yoast_head_json":{"title":"DGEPA refor\u00e7a o acompanhamento das pol\u00edticas p\u00fablicas do MECI - DGEPA","robots":{"index":"index","follow":"follow","max-snippet":"max-snippet:-1","max-image-preview":"max-image-preview:large","max-video-preview":"max-video-preview:-1"},"canonical":"https:\/\/dev.dgepa.meci.pt\/dgepa-reforca-o-acompanhamento-das-politicas-publicas-do-meci\/","og_locale":"en_GB","og_type":"article","og_title":"DGEPA refor\u00e7a o acompanhamento das pol\u00edticas p\u00fablicas do MECI - DGEPA","og_description":"A Dire\u00e7\u00e3o-Geral de Estudos, Planeamento e Avalia\u00e7\u00e3o (DGEPA) refor\u00e7a o acompanhamento e a monitoriza\u00e7\u00e3o das pol\u00edticas p\u00fablicas do Minist\u00e9rio da Educa\u00e7\u00e3o, Ci\u00eancia e Inova\u00e7\u00e3o (MECI), atrav\u00e9s do desenvolvimento de instrumentos t\u00e9cnicos e metodol\u00f3gicos de apoio \u00e0 decis\u00e3o. No \u00e2mbito das suas compet\u00eancias, a DGEPA promove a recolha, sistematiza\u00e7\u00e3o e an\u00e1lise de informa\u00e7\u00e3o relevante, assegurando o [&hellip;]","og_url":"https:\/\/dev.dgepa.meci.pt\/dgepa-reforca-o-acompanhamento-das-politicas-publicas-do-meci\/","og_site_name":"DGEPA","article_published_time":"2026-03-27T15:36:42+00:00","article_modified_time":"2026-03-30T10:36:00+00:00","author":"Guilherme Rato","twitter_card":"summary_large_image","twitter_misc":{"Written by":"Guilherme Rato"},"schema":{"@context":"https:\/\/schema.org","@graph":[{"@type":"Article","@id":"https:\/\/dev.dgepa.meci.pt\/dgepa-reforca-o-acompanhamento-das-politicas-publicas-do-meci\/#article","isPartOf":{"@id":"https:\/\/dev.dgepa.meci.pt\/dgepa-reforca-o-acompanhamento-das-politicas-publicas-do-meci\/"},"author":{"name":"Guilherme Rato","@id":"https:\/\/dev.dgepa.meci.pt\/#\/schema\/person\/2038aaa1907d47f57c0225d35ff8329c"},"headline":"DGEPA refor\u00e7a o acompanhamento das pol\u00edticas p\u00fablicas do MECI","datePublished":"2026-03-27T15:36:42+00:00","dateModified":"2026-03-30T10:36:00+00:00","mainEntityOfPage":{"@id":"https:\/\/dev.dgepa.meci.pt\/dgepa-reforca-o-acompanhamento-das-politicas-publicas-do-meci\/"},"wordCount":164,"articleSection":["Not\u00edcias"],"inLanguage":"en-GB"},{"@type":"WebPage","@id":"https:\/\/dev.dgepa.meci.pt\/dgepa-reforca-o-acompanhamento-das-politicas-publicas-do-meci\/","url":"https:\/\/dev.dgepa.meci.pt\/dgepa-reforca-o-acompanhamento-das-politicas-publicas-do-meci\/","name":"DGEPA refor\u00e7a o acompanhamento das pol\u00edticas p\u00fablicas do MECI - DGEPA","isPartOf":{"@id":"https:\/\/dev.dgepa.meci.pt\/#website"},"datePublished":"2026-03-27T15:36:42+00:00","dateModified":"2026-03-30T10:36:00+00:00","author":{"@id":"https:\/\/dev.dgepa.meci.pt\/#\/schema\/person\/2038aaa1907d47f57c0225d35ff8329c"},"breadcrumb":{"@id":"https:\/\/dev.dgepa.meci.pt\/dgepa-reforca-o-acompanhamento-das-politicas-publicas-do-meci\/#breadcrumb"},"inLanguage":"en-GB","potentialAction":[{"@type":"ReadAction","target":["https:\/\/dev.dgepa.meci.pt\/dgepa-reforca-o-acompanhamento-das-politicas-publicas-do-meci\/"]}]},{"@type":"BreadcrumbList","@id":"https:\/\/dev.dgepa.meci.pt\/dgepa-reforca-o-acompanhamento-das-politicas-publicas-do-meci\/#breadcrumb","itemListElement":[{"@type":"ListItem","position":1,"name":"Home","item":"https:\/\/dev.dgepa.meci.pt\/"},{"@type":"ListItem","position":2,"name":"DGEPA refor\u00e7a o acompanhamento das pol\u00edticas p\u00fablicas do MECI"}]},{"@type":"WebSite","@id":"https:\/\/dev.dgepa.meci.pt\/#website","url":"https:\/\/dev.dgepa.meci.pt\/","name":"DGEPA","description":"Directorate-General for Studies, Planning and Evaluation","potentialAction":[{"@type":"SearchAction","target":{"@type":"EntryPoint","urlTemplate":"https:\/\/dev.dgepa.meci.pt\/?s={search_term_string}"},"query-input":{"@type":"PropertyValueSpecification","valueRequired":true,"valueName":"search_term_string"}}],"inLanguage":"en-GB"},{"@type":"Person","@id":"https:\/\/dev.dgepa.meci.pt\/#\/schema\/person\/2038aaa1907d47f57c0225d35ff8329c","name":"Guilherme Rato","image":{"@type":"ImageObject","inLanguage":"en-GB","@id":"https:\/\/secure.gravatar.com\/avatar\/1746d9f59da5c84a293f4c98a7544490041ef77ade00310859c2926bc8a8ba65?s=96&d=mm&r=g","url":"https:\/\/secure.gravatar.com\/avatar\/1746d9f59da5c84a293f4c98a7544490041ef77ade00310859c2926bc8a8ba65?s=96&d=mm&r=g","contentUrl":"https:\/\/secure.gravatar.com\/avatar\/1746d9f59da5c84a293f4c98a7544490041ef77ade00310859c2926bc8a8ba65?s=96&d=mm&r=g","caption":"Guilherme Rato"},"url":"https:\/\/dgepa.meci.pt\/en\/author\/guilhermerato\/"}]}},"_links":{"self":[{"href":"https:\/\/dgepa.meci.pt\/en\/wp-json\/wp\/v2\/posts\/3318","targetHints":{"allow":["GET"]}}],"collection":[{"href":"https:\/\/dgepa.meci.pt\/en\/wp-json\/wp\/v2\/posts"}],"about":[{"href":"https:\/\/dgepa.meci.pt\/en\/wp-json\/wp\/v2\/types\/post"}],"author":[{"embeddable":true,"href":"https:\/\/dgepa.meci.pt\/en\/wp-json\/wp\/v2\/users\/3"}],"replies":[{"embeddable":true,"href":"https:\/\/dgepa.meci.pt\/en\/wp-json\/wp\/v2\/comments?post=3318"}],"version-history":[{"count":1,"href":"https:\/\/dgepa.meci.pt\/en\/wp-json\/wp\/v2\/posts\/3318\/revisions"}],"predecessor-version":[{"id":3319,"href":"https:\/\/dgepa.meci.pt\/en\/wp-json\/wp\/v2\/posts\/3318\/revisions\/3319"}],"wp:attachment":[{"href":"https:\/\/dgepa.meci.pt\/en\/wp-json\/wp\/v2\/media?parent=3318"}],"wp:term":[{"taxonomy":"category","embeddable":true,"href":"https:\/\/dgepa.meci.pt\/en\/wp-json\/wp\/v2\/categories?post=3318"},{"taxonomy":"post_tag","embeddable":true,"href":"https:\/\/dgepa.meci.pt\/en\/wp-json\/wp\/v2\/tags?post=3318"}],"curies":[{"name":"wp","href":"https:\/\/api.w.org\/{rel}","templated":true}]}}